{"id":36994,"date":"2023-03-07T14:30:39","date_gmt":"2023-03-07T12:30:39","guid":{"rendered":"https:\/\/laura.fi\/rekrytointi\/yleinen\/webinaari-rajapinnat-ja-integraatiot-rekrytoinnissa\/"},"modified":"2025-03-14T09:53:41","modified_gmt":"2025-03-14T07:53:41","slug":"webinaari-rajapinnat-ja-integraatiot-rekrytoinnissa","status":"publish","type":"post","link":"https:\/\/laura.fi\/rekrytointi\/ura-ja-rekrytointi\/tapahtumat\/webinaari-rajapinnat-ja-integraatiot-rekrytoinnissa\/","title":{"rendered":"Webinaari: Rajapinnat ja integraatiot rekrytoinnissa"},"content":{"rendered":"<p>Modernit rajapinnat ja integraatiot mahdollistavat monia asioita nykyp\u00e4iv\u00e4n rekrytoinnissa ja niit\u00e4 hy\u00f6dynnet\u00e4\u00e4n yh\u00e4 monipuolisemmin. Tied\u00e4tk\u00f6 sin\u00e4, mit\u00e4 kaikkea integraatioilla ja rajapinnoilla voi tehd\u00e4 rekrytoinnin, hakijakokemuksen ja ty\u00f6nantajakuvan eteen?<\/p>\r\n\r\n\r\n\r\n<p>J\u00e4rjestimme 28.3.2023 webinaarin, jossa kerroimme, miten rajapinnat ja integraatiot auttavat sinua rekrytoinnissa. Kuulet k\u00e4yt\u00e4nn\u00f6n esimerkkien avulla, miten rekrytoinnissa voi s\u00e4\u00e4st\u00e4\u00e4 aikaa, rahaa ja vaivaa integroimalla rekrytointij\u00e4rjestelm\u00e4n osaksi rekrytoijan ja HR:n laajempaa ty\u00f6kalupakkia.\u00a0<\/p>\r\n<p><a href=\"https:\/\/laura.fi\/\">Laura<\/a> Rekrytointi Oy:n asiantuntijat <strong>Marko Manninen <\/strong>ja<strong> Marko Siren<\/strong> keskustelevat webinaarissa modernien rajapintojen hy\u00f6dynt\u00e4misest\u00e4 rekrytointiprosessin tehokkuuden ja tarkkuuden kasvattamisessa.\u00a0<\/p>\r\n\r\n\r\n\r\n<p>Webinaarissa vastataan mm. seuraaviin kysymyksiin:\u00a0<\/p>\r\n\r\n\r\n\r\n<ul class=\"wp-block-list\">\r\n<li>Miksi rekrytointij\u00e4rjestelm\u00e4n liitett\u00e4vyys ja integroitavuus ovat t\u00e4rkeit\u00e4 rekrytoijalle?\u00a0<\/li>\r\n<li>Mit\u00e4 rekrytoijan on hyv\u00e4 tiet\u00e4\u00e4 rekrytointij\u00e4rjestelm\u00e4n integraatioista ja rajapinnoista?\u00a0<\/li>\r\n<li>Mit\u00e4 tapoja rekrytointij\u00e4rjestelm\u00e4n integroimiseen on k\u00e4ytett\u00e4viss\u00e4?\u00a0<\/li>\r\n<li>Mitk\u00e4 integraatiot rekrytoijan kannattaa ottaa heti k\u00e4ytt\u00f6\u00f6n?\u00a0<\/li>\r\n<li>Mik\u00e4 on rajapinta, ja mit\u00e4 sill\u00e4 voi tehd\u00e4 rekrytoinnissa?\u00a0<\/li>\r\n<li>Mit\u00e4 rajapinnan edistynyt hy\u00f6dynt\u00e4minen edellytt\u00e4\u00e4 rekrytoijalta?\u00a0<\/li>\r\n<\/ul>\r\n\r\n\r\n\r\n<p>Webinaari sopii erityisesti HR-alan ammattilaisille, rekrytoijille ja kaikille, jotka ovat kiinnostuneita rekrytointiprosessin tehokkuuden ja tarkkuuden kasvattamisesta sek\u00e4 manuaalisen ty\u00f6n ja vaivan v\u00e4hent\u00e4misest\u00e4.<\/p>\r\n\r\n\r\n\r\n\r\n\r\n<p><strong>Webinaarin tallenne ei ole en\u00e4\u00e4 saatavilla. Kiinnostuitko aiheesta? Ota meihin yhteytt\u00e4 &amp; keskustellaan lis\u00e4\u00e4!<\/strong><\/p>\r\n\r\n<p style=\"width: 100%; text-align: left; padding: 20px 0;\"><a style=\"background-color: #07619b; color: #fff; border-radius: 30px; text-decoration: none; font-family: 'Roboto', helvetica; padding: 15px 20px; text-align: center; font-weight: bold; font-size: 1.1em; margin: 4px 2px; cursor: pointer;\" href=\"https:\/\/laura.fi\/rekrytointi\/yhteystiedot-ja-tuki\/#contact-form\" target=\"_blank\" rel=\"noopener noreferrer\">Ota yhteytt\u00e4<\/a><\/p>\r\n<p>&nbsp;<\/p>","protected":false},"excerpt":{"rendered":"<p>Modernit rajapinnat ja integraatiot mahdollistavat monia asioita nykyp\u00e4iv\u00e4n rekrytoinnissa ja niit\u00e4 hy\u00f6dynnet\u00e4\u00e4n yh\u00e4 monipuolisemmin. Tied\u00e4tk\u00f6 sin\u00e4, mit\u00e4 kaikkea integraatioilla ja rajapinnoilla voi tehd\u00e4 rekrytoinnin, hakijakokemuksen ja ty\u00f6nantajakuvan eteen? J\u00e4rjestimme 28.3.2023 webinaarin, jossa kerroimme, miten rajapinnat ja integraatiot auttavat sinua rekrytoinnissa. Kuulet k\u00e4yt\u00e4nn\u00f6n esimerkkien avulla, miten rekrytoinnissa voi s\u00e4\u00e4st\u00e4\u00e4 aikaa, rahaa ja vaivaa integroimalla rekrytointij\u00e4rjestelm\u00e4n osaksi rekrytoijan ja HR:n laajempaa ty\u00f6kalupakkia.\u00a0 &#8230; <\/p>\n<div><a href=\"https:\/\/laura.fi\/rekrytointi\/ura-ja-rekrytointi\/tapahtumat\/webinaari-rajapinnat-ja-integraatiot-rekrytoinnissa\/\" class=\"more-link\">Lue lis\u00e4\u00e4<\/a><\/div>\n","protected":false},"author":39,"featured_media":36995,"comment_status":"closed","ping_status":"closed","sticky":false,"template":"","format":"standard","meta":{"footnotes":""},"categories":[1480068,1480069,1480083,1480079],"tags":[1480316,1480143,1480317,1410069],"class_list":["post-36994","post","type-post","status-publish","format-standard","has-post-thumbnail","hentry","category-rekrytointi","category-rekrytointiprosessi","category-tallenteet","category-tapahtumat","tag-api-rajapinta","tag-integraatio","tag-integroitavuus","tag-webinaari"],"yoast_head":"<!-- This site is optimized with the Yoast SEO plugin v20.9 - https:\/\/yoast.com\/wordpress\/plugins\/seo\/ -->\n<title>Webinaari: Rajapinnat ja integraatiot rekrytoinnissa - Laura.fi<\/title>\n<meta name=\"description\" content=\"Miten rajapinnat ja integraatiot auttavat sinua rekrytoinnissa? Lue, mitk\u00e4 integraatiot sinun kannattaa ottaa heti k\u00e4ytt\u00f6\u00f6n.\" \/>\n<meta name=\"robots\" content=\"index, follow, max-snippet:-1, max-image-preview:large, max-video-preview:-1\" \/>\n<link rel=\"canonical\" href=\"https:\/\/laura.fi\/rekrytointi\/ura-ja-rekrytointi\/tapahtumat\/webinaari-rajapinnat-ja-integraatiot-rekrytoinnissa\/\" \/>\n<meta property=\"og:locale\" content=\"fi_FI\" \/>\n<meta property=\"og:type\" content=\"article\" \/>\n<meta property=\"og:title\" content=\"Webinaari: Rajapinnat ja integraatiot rekrytoinnissa - Laura.fi\" \/>\n<meta property=\"og:description\" content=\"Miten rajapinnat ja integraatiot auttavat sinua rekrytoinnissa? Lue, mitk\u00e4 integraatiot sinun kannattaa ottaa heti k\u00e4ytt\u00f6\u00f6n.\" \/>\n<meta property=\"og:url\" content=\"https:\/\/laura.fi\/rekrytointi\/ura-ja-rekrytointi\/tapahtumat\/webinaari-rajapinnat-ja-integraatiot-rekrytoinnissa\/\" \/>\n<meta property=\"og:site_name\" content=\"Laura.fi\" \/>\n<meta property=\"article:publisher\" content=\"https:\/\/fi-fi.facebook.com\/pages\/Uranusfi\/125289617532043\" \/>\n<meta property=\"article:published_time\" content=\"2023-03-07T12:30:39+00:00\" \/>\n<meta property=\"article:modified_time\" content=\"2025-03-14T07:53:41+00:00\" \/>\n<meta property=\"og:image\" content=\"https:\/\/laura.fi\/rekrytointi\/wp-content\/uploads\/2023\/12\/rajapinnat-ja-integraatio-webinaari_1200x550.png\" \/>\n\t<meta property=\"og:image:width\" content=\"1200\" \/>\n\t<meta property=\"og:image:height\" content=\"550\" \/>\n\t<meta property=\"og:image:type\" content=\"image\/png\" \/>\n<meta name=\"author\" content=\"Marko Siren\" \/>\n<meta name=\"twitter:card\" content=\"summary_large_image\" \/>\n<meta name=\"twitter:creator\" content=\"@UranusOy\" \/>\n<meta name=\"twitter:site\" content=\"@UranusOy\" \/>\n<meta name=\"twitter:label1\" content=\"Written by\" \/>\n\t<meta name=\"twitter:data1\" content=\"Marko Siren\" \/>\n\t<meta name=\"twitter:label2\" content=\"Est. reading time\" \/>\n\t<meta name=\"twitter:data2\" content=\"2 minuuttia\" \/>\n<script type=\"application\/ld+json\" class=\"yoast-schema-graph\">{\"@context\":\"https:\/\/schema.org\",\"@graph\":[{\"@type\":\"Article\",\"@id\":\"https:\/\/laura.fi\/rekrytointi\/ura-ja-rekrytointi\/tapahtumat\/webinaari-rajapinnat-ja-integraatiot-rekrytoinnissa\/#article\",\"isPartOf\":{\"@id\":\"https:\/\/laura.fi\/rekrytointi\/ura-ja-rekrytointi\/tapahtumat\/webinaari-rajapinnat-ja-integraatiot-rekrytoinnissa\/\"},\"author\":{\"name\":\"Marko Siren\",\"@id\":\"https:\/\/laura.fi\/rekrytointi\/#\/schema\/person\/826855f3c9a8a80bac9288953bfa7227\"},\"headline\":\"Webinaari: Rajapinnat ja integraatiot rekrytoinnissa\",\"datePublished\":\"2023-03-07T12:30:39+00:00\",\"dateModified\":\"2025-03-14T07:53:41+00:00\",\"mainEntityOfPage\":{\"@id\":\"https:\/\/laura.fi\/rekrytointi\/ura-ja-rekrytointi\/tapahtumat\/webinaari-rajapinnat-ja-integraatiot-rekrytoinnissa\/\"},\"wordCount\":207,\"publisher\":{\"@id\":\"https:\/\/laura.fi\/rekrytointi\/#organization\"},\"keywords\":[\"API-rajapinta\",\"integraatio\",\"integroitavuus\",\"webinaari\"],\"articleSection\":[\"Rekrytointi\",\"Rekrytointiprosessi\",\"Tallenteet\",\"Tapahtumat\"],\"inLanguage\":\"fi\"},{\"@type\":\"WebPage\",\"@id\":\"https:\/\/laura.fi\/rekrytointi\/ura-ja-rekrytointi\/tapahtumat\/webinaari-rajapinnat-ja-integraatiot-rekrytoinnissa\/\",\"url\":\"https:\/\/laura.fi\/rekrytointi\/ura-ja-rekrytointi\/tapahtumat\/webinaari-rajapinnat-ja-integraatiot-rekrytoinnissa\/\",\"name\":\"Webinaari: Rajapinnat ja integraatiot rekrytoinnissa - Laura.fi\",\"isPartOf\":{\"@id\":\"https:\/\/laura.fi\/rekrytointi\/#website\"},\"datePublished\":\"2023-03-07T12:30:39+00:00\",\"dateModified\":\"2025-03-14T07:53:41+00:00\",\"description\":\"Miten rajapinnat ja integraatiot auttavat sinua rekrytoinnissa? Lue, mitk\u00e4 integraatiot sinun kannattaa ottaa heti k\u00e4ytt\u00f6\u00f6n.\",\"breadcrumb\":{\"@id\":\"https:\/\/laura.fi\/rekrytointi\/ura-ja-rekrytointi\/tapahtumat\/webinaari-rajapinnat-ja-integraatiot-rekrytoinnissa\/#breadcrumb\"},\"inLanguage\":\"fi\",\"potentialAction\":[{\"@type\":\"ReadAction\",\"target\":[\"https:\/\/laura.fi\/rekrytointi\/ura-ja-rekrytointi\/tapahtumat\/webinaari-rajapinnat-ja-integraatiot-rekrytoinnissa\/\"]}]},{\"@type\":\"BreadcrumbList\",\"@id\":\"https:\/\/laura.fi\/rekrytointi\/ura-ja-rekrytointi\/tapahtumat\/webinaari-rajapinnat-ja-integraatiot-rekrytoinnissa\/#breadcrumb\",\"itemListElement\":[{\"@type\":\"ListItem\",\"position\":1,\"name\":\"Etusivu\",\"item\":\"laura.fi\"},{\"@type\":\"ListItem\",\"position\":2,\"name\":\"Rekrytointi\",\"item\":\"https:\/\/laura.fi\/rekrytointi\/ura-ja-rekrytointi\/category\/rekrytointi\/\"},{\"@type\":\"ListItem\",\"position\":3,\"name\":\"Rekrytointiprosessi\",\"item\":\"https:\/\/laura.fi\/rekrytointi\/ura-ja-rekrytointi\/category\/rekrytointi\/rekrytointiprosessi\/\"},{\"@type\":\"ListItem\",\"position\":4,\"name\":\"Webinaari: Rajapinnat ja integraatiot rekrytoinnissa\"}]},{\"@type\":\"WebSite\",\"@id\":\"https:\/\/laura.fi\/rekrytointi\/#website\",\"url\":\"https:\/\/laura.fi\/rekrytointi\/\",\"name\":\"Laura.fi\",\"description\":\"Hyvi\u00e4 t\u00f6it\u00e4 ja rekrytointeja n\u00e4kyviss\u00e4\",\"publisher\":{\"@id\":\"https:\/\/laura.fi\/rekrytointi\/#organization\"},\"potentialAction\":[{\"@type\":\"SearchAction\",\"target\":{\"@type\":\"EntryPoint\",\"urlTemplate\":\"https:\/\/laura.fi\/rekrytointi\/?s={search_term_string}\"},\"query-input\":\"required name=search_term_string\"}],\"inLanguage\":\"fi\"},{\"@type\":\"Organization\",\"@id\":\"https:\/\/laura.fi\/rekrytointi\/#organization\",\"name\":\"LAURA Rekrytointi Oy\",\"url\":\"https:\/\/laura.fi\/rekrytointi\/\",\"logo\":{\"@type\":\"ImageObject\",\"inLanguage\":\"fi\",\"@id\":\"https:\/\/laura.fi\/rekrytointi\/#\/schema\/logo\/image\/\",\"url\":\"https:\/\/laura.fi\/rekrytointi\/wp-content\/uploads\/2017\/11\/REKRYCOM.png\",\"contentUrl\":\"https:\/\/laura.fi\/rekrytointi\/wp-content\/uploads\/2017\/11\/REKRYCOM.png\",\"width\":426,\"height\":142,\"caption\":\"LAURA Rekrytointi Oy\"},\"image\":{\"@id\":\"https:\/\/laura.fi\/rekrytointi\/#\/schema\/logo\/image\/\"},\"sameAs\":[\"https:\/\/fi-fi.facebook.com\/pages\/Uranusfi\/125289617532043\",\"https:\/\/twitter.com\/UranusOy\"]},{\"@type\":\"Person\",\"@id\":\"https:\/\/laura.fi\/rekrytointi\/#\/schema\/person\/826855f3c9a8a80bac9288953bfa7227\",\"name\":\"Marko Siren\",\"image\":{\"@type\":\"ImageObject\",\"inLanguage\":\"fi\",\"@id\":\"https:\/\/laura.fi\/rekrytointi\/#\/schema\/person\/image\/\",\"url\":\"https:\/\/secure.gravatar.com\/avatar\/88ef37df89519f99f8fce123bbef03dc6285203c47ffddc1db7bb44c4ab33442?s=96&d=mm&r=g\",\"contentUrl\":\"https:\/\/secure.gravatar.com\/avatar\/88ef37df89519f99f8fce123bbef03dc6285203c47ffddc1db7bb44c4ab33442?s=96&d=mm&r=g\",\"caption\":\"Marko Siren\"}}]}<\/script>\n<!-- \/ Yoast SEO plugin. -->","yoast_head_json":{"title":"Webinaari: Rajapinnat ja integraatiot rekrytoinnissa - Laura.fi","description":"Miten rajapinnat ja integraatiot auttavat sinua rekrytoinnissa? Lue, mitk\u00e4 integraatiot sinun kannattaa ottaa heti k\u00e4ytt\u00f6\u00f6n.","robots":{"index":"index","follow":"follow","max-snippet":"max-snippet:-1","max-image-preview":"max-image-preview:large","max-video-preview":"max-video-preview:-1"},"canonical":"https:\/\/laura.fi\/rekrytointi\/ura-ja-rekrytointi\/tapahtumat\/webinaari-rajapinnat-ja-integraatiot-rekrytoinnissa\/","og_locale":"fi_FI","og_type":"article","og_title":"Webinaari: Rajapinnat ja integraatiot rekrytoinnissa - Laura.fi","og_description":"Miten rajapinnat ja integraatiot auttavat sinua rekrytoinnissa? Lue, mitk\u00e4 integraatiot sinun kannattaa ottaa heti k\u00e4ytt\u00f6\u00f6n.","og_url":"https:\/\/laura.fi\/rekrytointi\/ura-ja-rekrytointi\/tapahtumat\/webinaari-rajapinnat-ja-integraatiot-rekrytoinnissa\/","og_site_name":"Laura.fi","article_publisher":"https:\/\/fi-fi.facebook.com\/pages\/Uranusfi\/125289617532043","article_published_time":"2023-03-07T12:30:39+00:00","article_modified_time":"2025-03-14T07:53:41+00:00","og_image":[{"width":1200,"height":550,"url":"https:\/\/laura.fi\/rekrytointi\/wp-content\/uploads\/2023\/12\/rajapinnat-ja-integraatio-webinaari_1200x550.png","type":"image\/png"}],"author":"Marko Siren","twitter_card":"summary_large_image","twitter_creator":"@UranusOy","twitter_site":"@UranusOy","twitter_misc":{"Written by":"Marko Siren","Est. reading time":"2 minuuttia"},"schema":{"@context":"https:\/\/schema.org","@graph":[{"@type":"Article","@id":"https:\/\/laura.fi\/rekrytointi\/ura-ja-rekrytointi\/tapahtumat\/webinaari-rajapinnat-ja-integraatiot-rekrytoinnissa\/#article","isPartOf":{"@id":"https:\/\/laura.fi\/rekrytointi\/ura-ja-rekrytointi\/tapahtumat\/webinaari-rajapinnat-ja-integraatiot-rekrytoinnissa\/"},"author":{"name":"Marko Siren","@id":"https:\/\/laura.fi\/rekrytointi\/#\/schema\/person\/826855f3c9a8a80bac9288953bfa7227"},"headline":"Webinaari: Rajapinnat ja integraatiot rekrytoinnissa","datePublished":"2023-03-07T12:30:39+00:00","dateModified":"2025-03-14T07:53:41+00:00","mainEntityOfPage":{"@id":"https:\/\/laura.fi\/rekrytointi\/ura-ja-rekrytointi\/tapahtumat\/webinaari-rajapinnat-ja-integraatiot-rekrytoinnissa\/"},"wordCount":207,"publisher":{"@id":"https:\/\/laura.fi\/rekrytointi\/#organization"},"keywords":["API-rajapinta","integraatio","integroitavuus","webinaari"],"articleSection":["Rekrytointi","Rekrytointiprosessi","Tallenteet","Tapahtumat"],"inLanguage":"fi"},{"@type":"WebPage","@id":"https:\/\/laura.fi\/rekrytointi\/ura-ja-rekrytointi\/tapahtumat\/webinaari-rajapinnat-ja-integraatiot-rekrytoinnissa\/","url":"https:\/\/laura.fi\/rekrytointi\/ura-ja-rekrytointi\/tapahtumat\/webinaari-rajapinnat-ja-integraatiot-rekrytoinnissa\/","name":"Webinaari: Rajapinnat ja integraatiot rekrytoinnissa - Laura.fi","isPartOf":{"@id":"https:\/\/laura.fi\/rekrytointi\/#website"},"datePublished":"2023-03-07T12:30:39+00:00","dateModified":"2025-03-14T07:53:41+00:00","description":"Miten rajapinnat ja integraatiot auttavat sinua rekrytoinnissa? Lue, mitk\u00e4 integraatiot sinun kannattaa ottaa heti k\u00e4ytt\u00f6\u00f6n.","breadcrumb":{"@id":"https:\/\/laura.fi\/rekrytointi\/ura-ja-rekrytointi\/tapahtumat\/webinaari-rajapinnat-ja-integraatiot-rekrytoinnissa\/#breadcrumb"},"inLanguage":"fi","potentialAction":[{"@type":"ReadAction","target":["https:\/\/laura.fi\/rekrytointi\/ura-ja-rekrytointi\/tapahtumat\/webinaari-rajapinnat-ja-integraatiot-rekrytoinnissa\/"]}]},{"@type":"BreadcrumbList","@id":"https:\/\/laura.fi\/rekrytointi\/ura-ja-rekrytointi\/tapahtumat\/webinaari-rajapinnat-ja-integraatiot-rekrytoinnissa\/#breadcrumb","itemListElement":[{"@type":"ListItem","position":1,"name":"Etusivu","item":"laura.fi"},{"@type":"ListItem","position":2,"name":"Rekrytointi","item":"https:\/\/laura.fi\/rekrytointi\/ura-ja-rekrytointi\/category\/rekrytointi\/"},{"@type":"ListItem","position":3,"name":"Rekrytointiprosessi","item":"https:\/\/laura.fi\/rekrytointi\/ura-ja-rekrytointi\/category\/rekrytointi\/rekrytointiprosessi\/"},{"@type":"ListItem","position":4,"name":"Webinaari: Rajapinnat ja integraatiot rekrytoinnissa"}]},{"@type":"WebSite","@id":"https:\/\/laura.fi\/rekrytointi\/#website","url":"https:\/\/laura.fi\/rekrytointi\/","name":"Laura.fi","description":"Hyvi\u00e4 t\u00f6it\u00e4 ja rekrytointeja n\u00e4kyviss\u00e4","publisher":{"@id":"https:\/\/laura.fi\/rekrytointi\/#organization"},"potentialAction":[{"@type":"SearchAction","target":{"@type":"EntryPoint","urlTemplate":"https:\/\/laura.fi\/rekrytointi\/?s={search_term_string}"},"query-input":"required name=search_term_string"}],"inLanguage":"fi"},{"@type":"Organization","@id":"https:\/\/laura.fi\/rekrytointi\/#organization","name":"LAURA Rekrytointi Oy","url":"https:\/\/laura.fi\/rekrytointi\/","logo":{"@type":"ImageObject","inLanguage":"fi","@id":"https:\/\/laura.fi\/rekrytointi\/#\/schema\/logo\/image\/","url":"https:\/\/laura.fi\/rekrytointi\/wp-content\/uploads\/2017\/11\/REKRYCOM.png","contentUrl":"https:\/\/laura.fi\/rekrytointi\/wp-content\/uploads\/2017\/11\/REKRYCOM.png","width":426,"height":142,"caption":"LAURA Rekrytointi Oy"},"image":{"@id":"https:\/\/laura.fi\/rekrytointi\/#\/schema\/logo\/image\/"},"sameAs":["https:\/\/fi-fi.facebook.com\/pages\/Uranusfi\/125289617532043","https:\/\/twitter.com\/UranusOy"]},{"@type":"Person","@id":"https:\/\/laura.fi\/rekrytointi\/#\/schema\/person\/826855f3c9a8a80bac9288953bfa7227","name":"Marko Siren","image":{"@type":"ImageObject","inLanguage":"fi","@id":"https:\/\/laura.fi\/rekrytointi\/#\/schema\/person\/image\/","url":"https:\/\/secure.gravatar.com\/avatar\/88ef37df89519f99f8fce123bbef03dc6285203c47ffddc1db7bb44c4ab33442?s=96&d=mm&r=g","contentUrl":"https:\/\/secure.gravatar.com\/avatar\/88ef37df89519f99f8fce123bbef03dc6285203c47ffddc1db7bb44c4ab33442?s=96&d=mm&r=g","caption":"Marko Siren"}}]}},"_links":{"self":[{"href":"https:\/\/laura.fi\/rekrytointi\/wp-json\/wp\/v2\/posts\/36994","targetHints":{"allow":["GET"]}}],"collection":[{"href":"https:\/\/laura.fi\/rekrytointi\/wp-json\/wp\/v2\/posts"}],"about":[{"href":"https:\/\/laura.fi\/rekrytointi\/wp-json\/wp\/v2\/types\/post"}],"author":[{"embeddable":true,"href":"https:\/\/laura.fi\/rekrytointi\/wp-json\/wp\/v2\/users\/39"}],"replies":[{"embeddable":true,"href":"https:\/\/laura.fi\/rekrytointi\/wp-json\/wp\/v2\/comments?post=36994"}],"version-history":[{"count":5,"href":"https:\/\/laura.fi\/rekrytointi\/wp-json\/wp\/v2\/posts\/36994\/revisions"}],"predecessor-version":[{"id":40565,"href":"https:\/\/laura.fi\/rekrytointi\/wp-json\/wp\/v2\/posts\/36994\/revisions\/40565"}],"wp:featuredmedia":[{"embeddable":true,"href":"https:\/\/laura.fi\/rekrytointi\/wp-json\/wp\/v2\/media\/36995"}],"wp:attachment":[{"href":"https:\/\/laura.fi\/rekrytointi\/wp-json\/wp\/v2\/media?parent=36994"}],"wp:term":[{"taxonomy":"category","embeddable":true,"href":"https:\/\/laura.fi\/rekrytointi\/wp-json\/wp\/v2\/categories?post=36994"},{"taxonomy":"post_tag","embeddable":true,"href":"https:\/\/laura.fi\/rekrytointi\/wp-json\/wp\/v2\/tags?post=36994"}],"curies":[{"name":"wp","href":"https:\/\/api.w.org\/{rel}","templated":true}]}}