{"id":2870,"date":"2014-03-21T11:44:40","date_gmt":"2014-03-21T09:44:40","guid":{"rendered":"https:\/\/laura.fi\/rekrytointi\/?p=2870"},"modified":"2025-05-16T14:55:21","modified_gmt":"2025-05-16T11:55:21","slug":"kaksi-maahanmuuttajatarinaa-pianon-ja-viulunsoittaja","status":"publish","type":"post","link":"https:\/\/laura.fi\/rekrytointi\/ura-ja-rekrytointi\/tyoelama\/kaksi-maahanmuuttajatarinaa-pianon-ja-viulunsoittaja\/","title":{"rendered":"Kaksi maahanmuuttajatarinaa: pianon- ja viulunsoittaja"},"content":{"rendered":"<p><strong>\u00a0Jokainen maahanmuuttajatarina on ainutkertainen ja muutto Suomeen on iso hyppy tuntemattomaan, jossa on paljon riskej\u00e4. Hannu Solanne haastatteli pianisti Galina Kotrosta. H\u00e4nen tarinansa taustoittaa hivenen sit\u00e4, miten maahanmuuttaja voi tulla osaksi suomalaista kulttuuriel\u00e4m\u00e4\u00e4.<\/strong><\/p>\n<p>On kaunis kes\u00e4inen keskiviikkoilta. Ulkoilen, kuten niin usein, Helsingin Laajasalossa Aino Acten huvilan l\u00e4himaastoissa. On illansuu ja kiinnit\u00e4n huomiotani ihmisiin, joita on tavallista runsaammin liikkeell\u00e4 ja kaikki matkaavat kohti huvilaa. Kys\u00e4isen ohimennen yhdelt\u00e4 pariskunnalta, mik\u00e4 tuo heit\u00e4 t\u00e4nne? He kertovat, ett\u00e4 huvilassa j\u00e4rjestet\u00e4\u00e4n &#8221;Romanttinen viuluilta&#8221;-konsertti. Tiedossa olisi ainakin Paganinia, Griegi\u00e4, Sibeliusta ja Tshaikovskia.<\/p>\n<p>P\u00e4\u00e4t\u00e4n kurkata sis\u00e4lle. Huvila on tupaten t\u00e4ynn\u00e4, mutta muutama lippu n\u00e4ytt\u00e4\u00e4 olevan viel\u00e4 myym\u00e4tt\u00e4. Kun lippu konserttiin maksaa vain 10 euroa, p\u00e4\u00e4t\u00e4n vaihtaa ruumiillisen kunnon kohennuksen henkisen puolen virkeytt\u00e4miseen.<\/p>\n<p>Monistettu k\u00e4siohjelma kertoi konsertissa esitett\u00e4v\u00e4t kappaleet sek\u00e4 esiintyj\u00e4t, joita oli kaksi: <strong>Irina Lappalainen<\/strong> soittamassa viulua ja<strong> Galina Kotronen<\/strong> pianoa. P\u00e4\u00e4tin selvitt\u00e4\u00e4, keist\u00e4 on kysymys.<\/p>\n<p>Sain kaksikosta haastateltavaksi lopulta Galina Kotrosen Pukinm\u00e4en taidetalosta. Galina tuli Suomeen vuonna 1997.<\/p>\n<h2>Oletko inkeril\u00e4isi\u00e4 paluumuuttajia?<strong><br \/>\n<\/strong><\/h2>\n<p>&#8221;En aivan suoranaisesti. Kotronen on nimen\u00e4 veps\u00e4l\u00e4ist\u00e4 per\u00e4\u00e4. Kun tulin t\u00e4nne, en osannut sanaakaan suomea. Tulop\u00e4\u00e4t\u00f6ksen tekeminen oli kuitenkin helppo, koska useita yst\u00e4vi\u00e4ni oli muuttanut jo Suomeen ja olot silloisessa asuinpaikassani Petroskoissa eiv\u00e4t olleet erityisemm\u00e4n hyv\u00e4t. Sain tuttavaverkostoni avulla asunnon heti ja samoin tytt\u00e4reni p\u00e4\u00e4si saman tien kouluun. Kaksi perusasiaa j\u00e4rjestyi.&#8221;<\/p>\n<h2>Mit\u00e4 teet?<\/h2>\n<p>&#8221;Ven\u00e4j\u00e4ll\u00e4 olin opiskelut musiikkia ensin kotikaupunkini musiikkikoulussa, sitten opistotasolla Kostromassa ja korkeakoulutasolla Petroskoin konservatoriossa, joka on Pietarin yliopiston sivupiste. N\u00e4iss\u00e4 olin p\u00e4tev\u00f6itynyt konserttipianistiksi ja pianonsoiton opettajaksi. Ty\u00f6paikan etsiminen &#8221;ummikkona&#8221; ei ollut alussa aivan helppoa. P\u00e4\u00e4sin kuitenkin nopeasti ensimm\u00e4iseen ty\u00f6paikkaan, ven\u00e4j\u00e4nkieliseen lastentarhaan ja siell\u00e4 jopa tekem\u00e4\u00e4n koulutustani vastaavaa ty\u00f6t\u00e4 eli opettamaan tarhan lapsille pianonsoittoa. Tein t\u00e4t\u00e4 ty\u00f6t\u00e4 parisen vuotta ja sitten onnistuin saamaan paikan, tosin osa-aikaisen Pukinm\u00e4en taidetalosta, jossa olen opettanut viime vuodet pianonsoittoa.<\/p>\n<h2>Mik\u00e4 soiton opettamisessa on kiehtovinta?<\/h2>\n<p>Lasten innostuneisuus ja opinhalu sek\u00e4 kehittyminen. Paras palkinto tulee aina silloin kun oppilaat pit\u00e4v\u00e4t p\u00e4\u00e4t\u00f6skonsertin. Silloin n\u00e4kee, miten huima kehitys on ollut ja miten innostuneita vanhemmat, paapat ja mummat ovat j\u00e4lkikasvustaan.<\/p>\n<h2>Miten sitten t\u00e4llaiset konsertit syntyv\u00e4t?<\/h2>\n<p>Irina Lappalaiseen tutustuin sattumalta bussissa. Meist\u00e4 tuli hetkess\u00e4 yst\u00e4vi\u00e4. Olemme viime vuosina harjoitelleet valtavasti yhdess\u00e4 ja olemme my\u00f6s saaneet pit\u00e4\u00e4 konsertteja. Aino Acten huvilan konsertin tilasi mm. Helsingin kaupunki.<\/p>\n<h2>Voiko teit\u00e4 tilata esiintym\u00e4\u00e4n?<strong><br \/>\n<\/strong><\/h2>\n<p>Tottakai. Teemme konsertin aina tilaajan toiveita kunnioittaen. Ohjelmistostamme l\u00f6ytyy esimerkiksi <a href=\"https:\/\/laura.fi\/rekrytointi\/wp-content\/uploads\/2014\/03\/Barokki.pdf\" target=\"_blank\" rel=\"noopener noreferrer\">barokkiajan viulumusiikkia<\/a>. Kevytt\u00e4kin musiikkia soitamme, sill\u00e4 esim. nuorten tytt\u00f6jen kanssa pianotunneilla opetellaan aina &#8221;Love Story&#8221; ja pitemm\u00e4lle ehtineet haluavat usein soittaa &#8221;Titanicin tunnuskappaleen&#8221; p\u00e4\u00e4t\u00f6skonsertissaan. N\u00e4it\u00e4 siis soitetaan ja harjoitutetaan p\u00e4ivitt\u00e4in.<\/p>\n<h2>Puhut varsin mainiosti suomea. Miten olet kielen oppinut?<\/h2>\n<p>P\u00e4\u00e4osin kuuntelemalla. Hyv\u00e4 musiikkikorva auttaa sek\u00e4 soittamisessa ett\u00e4 kielen oppimisessa.<\/p>\n<h2>Oletko jostakin erityisen onnellinen Suomessa?<strong><br \/>\n<\/strong><\/h2>\n<p>Tytt\u00e4rest\u00e4ni Annasta! H\u00e4n kirjoitti ylioppilaaksi luokan primuksena ja p\u00e4\u00e4si opiskelemaan Helsingin Yliopistoon l\u00e4\u00e4ketiedett\u00e4. L\u00e4\u00e4kiskin meni hyvin ja h\u00e4n on yksi nuorimmista suomalaisista v\u00e4it\u00f6skirjan tekij\u00f6ist\u00e4. Nykyisin h\u00e4n on ty\u00f6el\u00e4m\u00e4ss\u00e4 t\u00e4ysipainoisesti ja kehittym\u00e4ss\u00e4 arvostetutksi diabetestutkijaksi ja alan asiantuntijaksi. H\u00e4n osaa hienosti suomea, ven\u00e4j\u00e4\u00e4 ja englantia. Kyll\u00e4 Suomi tarjoaa hienot mahdollisuudet p\u00e4\u00e4st\u00e4 el\u00e4m\u00e4ss\u00e4 eteenp\u00e4in.<\/p>\n<p>Irinan tarina on hieman toisenlainen. H\u00e4n tutustui Pietarissa asuessaan suomalaiseen taiteilijaan, Eino Lappalaiseen. Syntyi rakkaustarina, avioliitto ja muutto Suomeen.<\/p>\n<p><em>Kuva: Lasipalatsin elokuva- ja mediakeskus\/Helsingin kaupungin kulttuuriasiainkeskus<\/em><\/p>\n<p><strong>K\u00e4y tutustumassa my\u00f6s muihin <a href=\"https:\/\/laura.fi\/rekrytointi\/ura-ja-rekrytointi\/category\/tyoelama\/uratarinat\/\">uratarinoihin.<\/a><\/strong><\/p>\n","protected":false},"excerpt":{"rendered":"<p>\u00a0Jokainen maahanmuuttajatarina on ainutkertainen ja muutto Suomeen on iso hyppy tuntemattomaan, jossa on paljon riskej\u00e4. Hannu Solanne haastatteli pianisti Galina Kotrosta. H\u00e4nen tarinansa taustoittaa hivenen sit\u00e4, miten maahanmuuttaja voi tulla osaksi suomalaista kulttuuriel\u00e4m\u00e4\u00e4. On kaunis kes\u00e4inen keskiviikkoilta. Ulkoilen, kuten niin usein, Helsingin Laajasalossa Aino Acten huvilan l\u00e4himaastoissa. On illansuu ja kiinnit\u00e4n huomiotani ihmisiin, joita on tavallista runsaammin liikkeell\u00e4 ja kaikki &#8230; <\/p>\n<div><a href=\"https:\/\/laura.fi\/rekrytointi\/ura-ja-rekrytointi\/tyoelama\/kaksi-maahanmuuttajatarinaa-pianon-ja-viulunsoittaja\/\" class=\"more-link\">Lue lis\u00e4\u00e4<\/a><\/div>\n","protected":false},"author":1,"featured_media":5253,"comment_status":"closed","ping_status":"closed","sticky":false,"template":"","format":"standard","meta":{"footnotes":""},"categories":[1480063,40],"tags":[24],"class_list":["post-2870","post","type-post","status-publish","format-standard","has-post-thumbnail","hentry","category-tyoelama","category-uratarinat","tag-uratarina"],"yoast_head":"<!-- This site is optimized with the Yoast SEO plugin v20.9 - https:\/\/yoast.com\/wordpress\/plugins\/seo\/ -->\n<title>Maahanmuuttajatarina: pianonsoittaja - Laura.fi<\/title>\n<meta name=\"description\" content=\"Galina Kotrosen maahanmuuttajatarina taustoittaa sit\u00e4, miten maahanmuuttaja voi tulla osaksi suomalaista kulttuuriel\u00e4m\u00e4\u00e4. Lue lis\u00e4\u00e4!\" \/>\n<meta name=\"robots\" content=\"index, follow, max-snippet:-1, max-image-preview:large, max-video-preview:-1\" \/>\n<link rel=\"canonical\" href=\"https:\/\/laura.fi\/rekrytointi\/ura-ja-rekrytointi\/tyoelama\/kaksi-maahanmuuttajatarinaa-pianon-ja-viulunsoittaja\/\" \/>\n<meta property=\"og:locale\" content=\"fi_FI\" \/>\n<meta property=\"og:type\" content=\"article\" \/>\n<meta property=\"og:title\" content=\"Maahanmuuttajatarina: pianonsoittaja - Laura.fi\" \/>\n<meta property=\"og:description\" content=\"Galina Kotrosen maahanmuuttajatarina taustoittaa sit\u00e4, miten maahanmuuttaja voi tulla osaksi suomalaista kulttuuriel\u00e4m\u00e4\u00e4. Lue lis\u00e4\u00e4!\" \/>\n<meta property=\"og:url\" content=\"https:\/\/laura.fi\/rekrytointi\/ura-ja-rekrytointi\/tyoelama\/kaksi-maahanmuuttajatarinaa-pianon-ja-viulunsoittaja\/\" \/>\n<meta property=\"og:site_name\" content=\"Laura.fi\" \/>\n<meta property=\"article:publisher\" content=\"https:\/\/fi-fi.facebook.com\/pages\/Uranusfi\/125289617532043\" \/>\n<meta property=\"article:published_time\" content=\"2014-03-21T09:44:40+00:00\" \/>\n<meta property=\"article:modified_time\" content=\"2025-05-16T11:55:21+00:00\" \/>\n<meta property=\"og:image\" content=\"https:\/\/laura.fi\/rekrytointi\/wp-content\/uploads\/2014\/03\/Irin_ja_Galina.png\" \/>\n\t<meta property=\"og:image:width\" content=\"835\" \/>\n\t<meta property=\"og:image:height\" content=\"250\" \/>\n\t<meta property=\"og:image:type\" content=\"image\/png\" \/>\n<meta name=\"author\" content=\"Laura\" \/>\n<meta name=\"twitter:card\" content=\"summary_large_image\" \/>\n<meta name=\"twitter:creator\" content=\"@UranusOy\" \/>\n<meta name=\"twitter:site\" content=\"@UranusOy\" \/>\n<meta name=\"twitter:label1\" content=\"Written by\" \/>\n\t<meta name=\"twitter:data1\" content=\"Laura\" \/>\n\t<meta name=\"twitter:label2\" content=\"Est. reading time\" \/>\n\t<meta name=\"twitter:data2\" content=\"4 minuuttia\" \/>\n<script type=\"application\/ld+json\" class=\"yoast-schema-graph\">{\"@context\":\"https:\/\/schema.org\",\"@graph\":[{\"@type\":\"Article\",\"@id\":\"https:\/\/laura.fi\/rekrytointi\/ura-ja-rekrytointi\/tyoelama\/kaksi-maahanmuuttajatarinaa-pianon-ja-viulunsoittaja\/#article\",\"isPartOf\":{\"@id\":\"https:\/\/laura.fi\/rekrytointi\/ura-ja-rekrytointi\/tyoelama\/kaksi-maahanmuuttajatarinaa-pianon-ja-viulunsoittaja\/\"},\"author\":{\"name\":\"Laura\",\"@id\":\"https:\/\/laura.fi\/rekrytointi\/#\/schema\/person\/f765de5b767056a9389e624b775470b6\"},\"headline\":\"Kaksi maahanmuuttajatarinaa: pianon- ja viulunsoittaja\",\"datePublished\":\"2014-03-21T09:44:40+00:00\",\"dateModified\":\"2025-05-16T11:55:21+00:00\",\"mainEntityOfPage\":{\"@id\":\"https:\/\/laura.fi\/rekrytointi\/ura-ja-rekrytointi\/tyoelama\/kaksi-maahanmuuttajatarinaa-pianon-ja-viulunsoittaja\/\"},\"wordCount\":605,\"publisher\":{\"@id\":\"https:\/\/laura.fi\/rekrytointi\/#organization\"},\"keywords\":[\"uratarina\"],\"articleSection\":[\"Ty\u00f6el\u00e4m\u00e4\",\"Uratarinat\"],\"inLanguage\":\"fi\"},{\"@type\":\"WebPage\",\"@id\":\"https:\/\/laura.fi\/rekrytointi\/ura-ja-rekrytointi\/tyoelama\/kaksi-maahanmuuttajatarinaa-pianon-ja-viulunsoittaja\/\",\"url\":\"https:\/\/laura.fi\/rekrytointi\/ura-ja-rekrytointi\/tyoelama\/kaksi-maahanmuuttajatarinaa-pianon-ja-viulunsoittaja\/\",\"name\":\"Maahanmuuttajatarina: pianonsoittaja - Laura.fi\",\"isPartOf\":{\"@id\":\"https:\/\/laura.fi\/rekrytointi\/#website\"},\"datePublished\":\"2014-03-21T09:44:40+00:00\",\"dateModified\":\"2025-05-16T11:55:21+00:00\",\"description\":\"Galina Kotrosen maahanmuuttajatarina taustoittaa sit\u00e4, miten maahanmuuttaja voi tulla osaksi suomalaista kulttuuriel\u00e4m\u00e4\u00e4. Lue lis\u00e4\u00e4!\",\"breadcrumb\":{\"@id\":\"https:\/\/laura.fi\/rekrytointi\/ura-ja-rekrytointi\/tyoelama\/kaksi-maahanmuuttajatarinaa-pianon-ja-viulunsoittaja\/#breadcrumb\"},\"inLanguage\":\"fi\",\"potentialAction\":[{\"@type\":\"ReadAction\",\"target\":[\"https:\/\/laura.fi\/rekrytointi\/ura-ja-rekrytointi\/tyoelama\/kaksi-maahanmuuttajatarinaa-pianon-ja-viulunsoittaja\/\"]}]},{\"@type\":\"BreadcrumbList\",\"@id\":\"https:\/\/laura.fi\/rekrytointi\/ura-ja-rekrytointi\/tyoelama\/kaksi-maahanmuuttajatarinaa-pianon-ja-viulunsoittaja\/#breadcrumb\",\"itemListElement\":[{\"@type\":\"ListItem\",\"position\":1,\"name\":\"Etusivu\",\"item\":\"laura.fi\"},{\"@type\":\"ListItem\",\"position\":2,\"name\":\"Ty\u00f6el\u00e4m\u00e4\",\"item\":\"https:\/\/laura.fi\/rekrytointi\/ura-ja-rekrytointi\/category\/tyoelama\/\"},{\"@type\":\"ListItem\",\"position\":3,\"name\":\"Uratarinat\",\"item\":\"https:\/\/laura.fi\/rekrytointi\/ura-ja-rekrytointi\/category\/tyoelama\/uratarinat\/\"},{\"@type\":\"ListItem\",\"position\":4,\"name\":\"Kaksi maahanmuuttajatarinaa: pianon- ja viulunsoittaja\"}]},{\"@type\":\"WebSite\",\"@id\":\"https:\/\/laura.fi\/rekrytointi\/#website\",\"url\":\"https:\/\/laura.fi\/rekrytointi\/\",\"name\":\"Laura.fi\",\"description\":\"Hyvi\u00e4 t\u00f6it\u00e4 ja rekrytointeja n\u00e4kyviss\u00e4\",\"publisher\":{\"@id\":\"https:\/\/laura.fi\/rekrytointi\/#organization\"},\"potentialAction\":[{\"@type\":\"SearchAction\",\"target\":{\"@type\":\"EntryPoint\",\"urlTemplate\":\"https:\/\/laura.fi\/rekrytointi\/?s={search_term_string}\"},\"query-input\":\"required name=search_term_string\"}],\"inLanguage\":\"fi\"},{\"@type\":\"Organization\",\"@id\":\"https:\/\/laura.fi\/rekrytointi\/#organization\",\"name\":\"LAURA Rekrytointi Oy\",\"url\":\"https:\/\/laura.fi\/rekrytointi\/\",\"logo\":{\"@type\":\"ImageObject\",\"inLanguage\":\"fi\",\"@id\":\"https:\/\/laura.fi\/rekrytointi\/#\/schema\/logo\/image\/\",\"url\":\"https:\/\/laura.fi\/rekrytointi\/wp-content\/uploads\/2017\/11\/REKRYCOM.png\",\"contentUrl\":\"https:\/\/laura.fi\/rekrytointi\/wp-content\/uploads\/2017\/11\/REKRYCOM.png\",\"width\":426,\"height\":142,\"caption\":\"LAURA Rekrytointi Oy\"},\"image\":{\"@id\":\"https:\/\/laura.fi\/rekrytointi\/#\/schema\/logo\/image\/\"},\"sameAs\":[\"https:\/\/fi-fi.facebook.com\/pages\/Uranusfi\/125289617532043\",\"https:\/\/twitter.com\/UranusOy\"]},{\"@type\":\"Person\",\"@id\":\"https:\/\/laura.fi\/rekrytointi\/#\/schema\/person\/f765de5b767056a9389e624b775470b6\",\"name\":\"Laura\",\"image\":{\"@type\":\"ImageObject\",\"inLanguage\":\"fi\",\"@id\":\"https:\/\/laura.fi\/rekrytointi\/#\/schema\/person\/image\/\",\"url\":\"https:\/\/secure.gravatar.com\/avatar\/6b2b5bcdbbd6a3748454a56ef8a7c221dc05d440065bd8cb0ca5c44040e15747?s=96&d=mm&r=g\",\"contentUrl\":\"https:\/\/secure.gravatar.com\/avatar\/6b2b5bcdbbd6a3748454a56ef8a7c221dc05d440065bd8cb0ca5c44040e15747?s=96&d=mm&r=g\",\"caption\":\"Laura\"}}]}<\/script>\n<!-- \/ Yoast SEO plugin. -->","yoast_head_json":{"title":"Maahanmuuttajatarina: pianonsoittaja - Laura.fi","description":"Galina Kotrosen maahanmuuttajatarina taustoittaa sit\u00e4, miten maahanmuuttaja voi tulla osaksi suomalaista kulttuuriel\u00e4m\u00e4\u00e4. Lue lis\u00e4\u00e4!","robots":{"index":"index","follow":"follow","max-snippet":"max-snippet:-1","max-image-preview":"max-image-preview:large","max-video-preview":"max-video-preview:-1"},"canonical":"https:\/\/laura.fi\/rekrytointi\/ura-ja-rekrytointi\/tyoelama\/kaksi-maahanmuuttajatarinaa-pianon-ja-viulunsoittaja\/","og_locale":"fi_FI","og_type":"article","og_title":"Maahanmuuttajatarina: pianonsoittaja - Laura.fi","og_description":"Galina Kotrosen maahanmuuttajatarina taustoittaa sit\u00e4, miten maahanmuuttaja voi tulla osaksi suomalaista kulttuuriel\u00e4m\u00e4\u00e4. Lue lis\u00e4\u00e4!","og_url":"https:\/\/laura.fi\/rekrytointi\/ura-ja-rekrytointi\/tyoelama\/kaksi-maahanmuuttajatarinaa-pianon-ja-viulunsoittaja\/","og_site_name":"Laura.fi","article_publisher":"https:\/\/fi-fi.facebook.com\/pages\/Uranusfi\/125289617532043","article_published_time":"2014-03-21T09:44:40+00:00","article_modified_time":"2025-05-16T11:55:21+00:00","og_image":[{"width":835,"height":250,"url":"https:\/\/laura.fi\/rekrytointi\/wp-content\/uploads\/2014\/03\/Irin_ja_Galina.png","type":"image\/png"}],"author":"Laura","twitter_card":"summary_large_image","twitter_creator":"@UranusOy","twitter_site":"@UranusOy","twitter_misc":{"Written by":"Laura","Est. reading time":"4 minuuttia"},"schema":{"@context":"https:\/\/schema.org","@graph":[{"@type":"Article","@id":"https:\/\/laura.fi\/rekrytointi\/ura-ja-rekrytointi\/tyoelama\/kaksi-maahanmuuttajatarinaa-pianon-ja-viulunsoittaja\/#article","isPartOf":{"@id":"https:\/\/laura.fi\/rekrytointi\/ura-ja-rekrytointi\/tyoelama\/kaksi-maahanmuuttajatarinaa-pianon-ja-viulunsoittaja\/"},"author":{"name":"Laura","@id":"https:\/\/laura.fi\/rekrytointi\/#\/schema\/person\/f765de5b767056a9389e624b775470b6"},"headline":"Kaksi maahanmuuttajatarinaa: pianon- ja viulunsoittaja","datePublished":"2014-03-21T09:44:40+00:00","dateModified":"2025-05-16T11:55:21+00:00","mainEntityOfPage":{"@id":"https:\/\/laura.fi\/rekrytointi\/ura-ja-rekrytointi\/tyoelama\/kaksi-maahanmuuttajatarinaa-pianon-ja-viulunsoittaja\/"},"wordCount":605,"publisher":{"@id":"https:\/\/laura.fi\/rekrytointi\/#organization"},"keywords":["uratarina"],"articleSection":["Ty\u00f6el\u00e4m\u00e4","Uratarinat"],"inLanguage":"fi"},{"@type":"WebPage","@id":"https:\/\/laura.fi\/rekrytointi\/ura-ja-rekrytointi\/tyoelama\/kaksi-maahanmuuttajatarinaa-pianon-ja-viulunsoittaja\/","url":"https:\/\/laura.fi\/rekrytointi\/ura-ja-rekrytointi\/tyoelama\/kaksi-maahanmuuttajatarinaa-pianon-ja-viulunsoittaja\/","name":"Maahanmuuttajatarina: pianonsoittaja - Laura.fi","isPartOf":{"@id":"https:\/\/laura.fi\/rekrytointi\/#website"},"datePublished":"2014-03-21T09:44:40+00:00","dateModified":"2025-05-16T11:55:21+00:00","description":"Galina Kotrosen maahanmuuttajatarina taustoittaa sit\u00e4, miten maahanmuuttaja voi tulla osaksi suomalaista kulttuuriel\u00e4m\u00e4\u00e4. Lue lis\u00e4\u00e4!","breadcrumb":{"@id":"https:\/\/laura.fi\/rekrytointi\/ura-ja-rekrytointi\/tyoelama\/kaksi-maahanmuuttajatarinaa-pianon-ja-viulunsoittaja\/#breadcrumb"},"inLanguage":"fi","potentialAction":[{"@type":"ReadAction","target":["https:\/\/laura.fi\/rekrytointi\/ura-ja-rekrytointi\/tyoelama\/kaksi-maahanmuuttajatarinaa-pianon-ja-viulunsoittaja\/"]}]},{"@type":"BreadcrumbList","@id":"https:\/\/laura.fi\/rekrytointi\/ura-ja-rekrytointi\/tyoelama\/kaksi-maahanmuuttajatarinaa-pianon-ja-viulunsoittaja\/#breadcrumb","itemListElement":[{"@type":"ListItem","position":1,"name":"Etusivu","item":"laura.fi"},{"@type":"ListItem","position":2,"name":"Ty\u00f6el\u00e4m\u00e4","item":"https:\/\/laura.fi\/rekrytointi\/ura-ja-rekrytointi\/category\/tyoelama\/"},{"@type":"ListItem","position":3,"name":"Uratarinat","item":"https:\/\/laura.fi\/rekrytointi\/ura-ja-rekrytointi\/category\/tyoelama\/uratarinat\/"},{"@type":"ListItem","position":4,"name":"Kaksi maahanmuuttajatarinaa: pianon- ja viulunsoittaja"}]},{"@type":"WebSite","@id":"https:\/\/laura.fi\/rekrytointi\/#website","url":"https:\/\/laura.fi\/rekrytointi\/","name":"Laura.fi","description":"Hyvi\u00e4 t\u00f6it\u00e4 ja rekrytointeja n\u00e4kyviss\u00e4","publisher":{"@id":"https:\/\/laura.fi\/rekrytointi\/#organization"},"potentialAction":[{"@type":"SearchAction","target":{"@type":"EntryPoint","urlTemplate":"https:\/\/laura.fi\/rekrytointi\/?s={search_term_string}"},"query-input":"required name=search_term_string"}],"inLanguage":"fi"},{"@type":"Organization","@id":"https:\/\/laura.fi\/rekrytointi\/#organization","name":"LAURA Rekrytointi Oy","url":"https:\/\/laura.fi\/rekrytointi\/","logo":{"@type":"ImageObject","inLanguage":"fi","@id":"https:\/\/laura.fi\/rekrytointi\/#\/schema\/logo\/image\/","url":"https:\/\/laura.fi\/rekrytointi\/wp-content\/uploads\/2017\/11\/REKRYCOM.png","contentUrl":"https:\/\/laura.fi\/rekrytointi\/wp-content\/uploads\/2017\/11\/REKRYCOM.png","width":426,"height":142,"caption":"LAURA Rekrytointi Oy"},"image":{"@id":"https:\/\/laura.fi\/rekrytointi\/#\/schema\/logo\/image\/"},"sameAs":["https:\/\/fi-fi.facebook.com\/pages\/Uranusfi\/125289617532043","https:\/\/twitter.com\/UranusOy"]},{"@type":"Person","@id":"https:\/\/laura.fi\/rekrytointi\/#\/schema\/person\/f765de5b767056a9389e624b775470b6","name":"Laura","image":{"@type":"ImageObject","inLanguage":"fi","@id":"https:\/\/laura.fi\/rekrytointi\/#\/schema\/person\/image\/","url":"https:\/\/secure.gravatar.com\/avatar\/6b2b5bcdbbd6a3748454a56ef8a7c221dc05d440065bd8cb0ca5c44040e15747?s=96&d=mm&r=g","contentUrl":"https:\/\/secure.gravatar.com\/avatar\/6b2b5bcdbbd6a3748454a56ef8a7c221dc05d440065bd8cb0ca5c44040e15747?s=96&d=mm&r=g","caption":"Laura"}}]}},"_links":{"self":[{"href":"https:\/\/laura.fi\/rekrytointi\/wp-json\/wp\/v2\/posts\/2870","targetHints":{"allow":["GET"]}}],"collection":[{"href":"https:\/\/laura.fi\/rekrytointi\/wp-json\/wp\/v2\/posts"}],"about":[{"href":"https:\/\/laura.fi\/rekrytointi\/wp-json\/wp\/v2\/types\/post"}],"author":[{"embeddable":true,"href":"https:\/\/laura.fi\/rekrytointi\/wp-json\/wp\/v2\/users\/1"}],"replies":[{"embeddable":true,"href":"https:\/\/laura.fi\/rekrytointi\/wp-json\/wp\/v2\/comments?post=2870"}],"version-history":[{"count":10,"href":"https:\/\/laura.fi\/rekrytointi\/wp-json\/wp\/v2\/posts\/2870\/revisions"}],"predecessor-version":[{"id":41265,"href":"https:\/\/laura.fi\/rekrytointi\/wp-json\/wp\/v2\/posts\/2870\/revisions\/41265"}],"wp:featuredmedia":[{"embeddable":true,"href":"https:\/\/laura.fi\/rekrytointi\/wp-json\/wp\/v2\/media\/5253"}],"wp:attachment":[{"href":"https:\/\/laura.fi\/rekrytointi\/wp-json\/wp\/v2\/media?parent=2870"}],"wp:term":[{"taxonomy":"category","embeddable":true,"href":"https:\/\/laura.fi\/rekrytointi\/wp-json\/wp\/v2\/categories?post=2870"},{"taxonomy":"post_tag","embeddable":true,"href":"https:\/\/laura.fi\/rekrytointi\/wp-json\/wp\/v2\/tags?post=2870"}],"curies":[{"name":"wp","href":"https:\/\/api.w.org\/{rel}","templated":true}]}}